{"id":356,"date":"2010-05-08T16:30:39","date_gmt":"2010-05-08T14:30:39","guid":{"rendered":"http:\/\/www.cyberitalian.com\/blog\/?p=356"},"modified":"2016-02-26T11:42:31","modified_gmt":"2016-02-26T09:42:31","slug":"il-sogno-medievale-the-medieval-dream","status":"publish","type":"post","link":"https:\/\/www.cyberitalian.com\/blog\/2010\/05\/08\/il-sogno-medievale-the-medieval-dream\/","title":{"rendered":"Il sogno medievale &#8211; parte 1 (The Medieval dream &#8211; part 1)"},"content":{"rendered":"<p><img loading=\"lazy\" decoding=\"async\" alt=\"\" src=\"\/images\/gal_65_ilnomedellarosa.jpg\" title=\"Il Nome della Rosa\" class=\"alignright\" width=\"200\" height=\"311\" \/>La biblioteca nacque in seguito ad un disegno rimasto oscuro attraverso i secoli, ci racconta l&#8217;abate benedettino de &#8220;Il Nome della Rosa&#8221;, il romanzo di Umberto Eco di maggior successo. Nessuna verit\u00e0, continua l&#8217;abate, pu\u00f2 essere rivelata a tutti, come nessuna bugia pu\u00f2 essere riconosciuta come tale dagli spiriti pii. Il libro \u00e8 una fragile creatura, ci dice, che soffre dell&#8217;usura del tempo.<\/p>\n<p><em>&#8220;The library was born according to a design that has remained obscure throughout all centuries,&#8221; says the Benedictine Abbot in Umberto Eco&#8217;s best seller novel, &#8220;The Name of the Rose. All truths,&#8221; says the Abbot, &#8220;are not meant for all ears; not all lies can be recognized as such by pious spirits. The book is a fragile creature,&#8221; he says, &#8220;it suffers from the use of time.&#8221; <\/em><\/p>\n<p><a href=\"\/lms\/lms_legacy_page.php?page=act_151&#038;language=en\">To practice Italian this week we invite you to listen and read&#8230;<br \/>\n<strong>PRACTICE HERE: Italian\/English Version<\/strong><\/a><\/p>\n<p><a href=\"\/lms\/lms_legacy_page.php?page=act_151&#038;language=es\">Para practicar el idioma italiano esta semana te invitamos a escuchar y leer&#8230;<br \/>\n<strong>PRACTICA AQU\u00cd: Versi\u00f3n Italiano\/Espa\u00f1ola<\/strong><\/a><\/p>\n","protected":false},"excerpt":{"rendered":"<p>La biblioteca nacque in seguito ad un disegno rimasto oscuro attraverso i secoli, ci racconta l&#8217;abate benedettino de &#8220;Il Nome della Rosa&#8221;, il romanzo di Umberto Eco di maggior successo. Nessuna verit\u00e0, continua l&#8217;abate, pu\u00f2 essere rivelata a tutti, come nessuna bugia pu\u00f2 essere riconosciuta come tale dagli spiriti pii. Il libro \u00e8 una fragile\u2026 <span class=\"read-more\"><a href=\"https:\/\/www.cyberitalian.com\/blog\/2010\/05\/08\/il-sogno-medievale-the-medieval-dream\/\">Leggi tutto &raquo;<\/a><\/span><\/p>\n","protected":false},"author":2,"featured_media":0,"comment_status":"open","ping_status":"open","sticky":false,"template":"","format":"standard","meta":{"footnotes":""},"categories":[9],"tags":[132,133,136,135,134],"class_list":["post-356","post","type-post","status-publish","format-standard","hentry","category-culture","tag-biblioteca","tag-library","tag-medio-evo","tag-middle-age","tag-umberto-eco"],"_links":{"self":[{"href":"https:\/\/www.cyberitalian.com\/blog\/wp-json\/wp\/v2\/posts\/356","targetHints":{"allow":["GET"]}}],"collection":[{"href":"https:\/\/www.cyberitalian.com\/blog\/wp-json\/wp\/v2\/posts"}],"about":[{"href":"https:\/\/www.cyberitalian.com\/blog\/wp-json\/wp\/v2\/types\/post"}],"author":[{"embeddable":true,"href":"https:\/\/www.cyberitalian.com\/blog\/wp-json\/wp\/v2\/users\/2"}],"replies":[{"embeddable":true,"href":"https:\/\/www.cyberitalian.com\/blog\/wp-json\/wp\/v2\/comments?post=356"}],"version-history":[{"count":6,"href":"https:\/\/www.cyberitalian.com\/blog\/wp-json\/wp\/v2\/posts\/356\/revisions"}],"predecessor-version":[{"id":2031,"href":"https:\/\/www.cyberitalian.com\/blog\/wp-json\/wp\/v2\/posts\/356\/revisions\/2031"}],"wp:attachment":[{"href":"https:\/\/www.cyberitalian.com\/blog\/wp-json\/wp\/v2\/media?parent=356"}],"wp:term":[{"taxonomy":"category","embeddable":true,"href":"https:\/\/www.cyberitalian.com\/blog\/wp-json\/wp\/v2\/categories?post=356"},{"taxonomy":"post_tag","embeddable":true,"href":"https:\/\/www.cyberitalian.com\/blog\/wp-json\/wp\/v2\/tags?post=356"}],"curies":[{"name":"wp","href":"https:\/\/api.w.org\/{rel}","templated":true}]}}