{"id":834,"date":"2017-03-10T10:15:31","date_gmt":"2017-03-10T08:15:31","guid":{"rendered":"http:\/\/www.cyberitalian.com\/blog\/?p=834"},"modified":"2017-03-10T16:49:55","modified_gmt":"2017-03-10T14:49:55","slug":"la-visione-prospettica-e-il-congiuntivo-perspective-view-and-subjunctive","status":"publish","type":"post","link":"https:\/\/www.cyberitalian.com\/blog\/2017\/03\/10\/la-visione-prospettica-e-il-congiuntivo-perspective-view-and-subjunctive\/","title":{"rendered":"La visione prospettica e il congiuntivo (Perspective view and subjunctive)"},"content":{"rendered":"<p><img loading=\"lazy\" decoding=\"async\" alt=\"\" src=\"\/images\/prospettiva_spada.jpg\" class=\"alignright\" width=\"287\" height=\"395\" \/>Gli artisti medievali non erano interessati a riprodurre la realt\u00e0 in maniera fedele e tridimensionale.<br \/>\nGli artisti rinascimentali invece studiavano la prospettiva e la tridimensionalit\u00e0.<br \/>\nPerch\u00e9?<br \/>\nCosa ne pensi?<br \/>\nQual \u00e8 la tua visione?<br \/>\nQual \u00e8 la tua prospettiva?<\/p>\n<p><em>Medieval artists were not interested in reproducing reality in a faithful and three-dimensional form.<br \/>\nRenaissance artists on the contrary studied perspective and 3D.<br \/>\nWhy?<br \/>\nWhat do you think about it?<br \/>\nWhat is your vision?<br \/>\nWhat is your perspective?<\/em><\/p>\n<p><a href=\"\/lms\/lms_legacy_page.php?page=act_128&#038;language=en\">To practice Italian this week we invite you to read and test &#8230;<br \/>\n<strong>PRACTICE HERE: Italian\/English Version<\/strong><\/a><\/p>\n<p><a href=\"\/lms\/lms_legacy_page.php?page=act_128&#038;language=es\">Para practicar el idioma italiano esta semana te invitamos a leer y testar&#8230;<br \/>\n<strong>PRACTICA AQU\u00cd: Versi\u00f3n Italiano\/Espa\u00f1ola<\/strong><\/a><\/p>\n<p>Picture from <a href=\"http:\/\/it.wikipedia.org\/wiki\/Palazzo_Spada\">Wikipedia.org<\/a><\/p>\n","protected":false},"excerpt":{"rendered":"<p>Gli artisti medievali non erano interessati a riprodurre la realt\u00e0 in maniera fedele e tridimensionale. Gli artisti rinascimentali invece studiavano la prospettiva e la tridimensionalit\u00e0. Perch\u00e9? Cosa ne pensi? Qual \u00e8 la tua visione? Qual \u00e8 la tua prospettiva? Medieval artists were not interested in reproducing reality in a faithful and three-dimensional form. Renaissance artists\u2026 <span class=\"read-more\"><a href=\"https:\/\/www.cyberitalian.com\/blog\/2017\/03\/10\/la-visione-prospettica-e-il-congiuntivo-perspective-view-and-subjunctive\/\">Leggi tutto &raquo;<\/a><\/span><\/p>\n","protected":false},"author":2,"featured_media":0,"comment_status":"open","ping_status":"closed","sticky":false,"template":"","format":"standard","meta":{"footnotes":""},"categories":[12,8],"tags":[310,311,312,313],"class_list":["post-834","post","type-post","status-publish","format-standard","hentry","category-art","category-language","tag-congiuntivo-italiano","tag-italian-subjunctive","tag-perspective-view","tag-visione-prospettica"],"_links":{"self":[{"href":"https:\/\/www.cyberitalian.com\/blog\/wp-json\/wp\/v2\/posts\/834","targetHints":{"allow":["GET"]}}],"collection":[{"href":"https:\/\/www.cyberitalian.com\/blog\/wp-json\/wp\/v2\/posts"}],"about":[{"href":"https:\/\/www.cyberitalian.com\/blog\/wp-json\/wp\/v2\/types\/post"}],"author":[{"embeddable":true,"href":"https:\/\/www.cyberitalian.com\/blog\/wp-json\/wp\/v2\/users\/2"}],"replies":[{"embeddable":true,"href":"https:\/\/www.cyberitalian.com\/blog\/wp-json\/wp\/v2\/comments?post=834"}],"version-history":[{"count":6,"href":"https:\/\/www.cyberitalian.com\/blog\/wp-json\/wp\/v2\/posts\/834\/revisions"}],"predecessor-version":[{"id":2206,"href":"https:\/\/www.cyberitalian.com\/blog\/wp-json\/wp\/v2\/posts\/834\/revisions\/2206"}],"wp:attachment":[{"href":"https:\/\/www.cyberitalian.com\/blog\/wp-json\/wp\/v2\/media?parent=834"}],"wp:term":[{"taxonomy":"category","embeddable":true,"href":"https:\/\/www.cyberitalian.com\/blog\/wp-json\/wp\/v2\/categories?post=834"},{"taxonomy":"post_tag","embeddable":true,"href":"https:\/\/www.cyberitalian.com\/blog\/wp-json\/wp\/v2\/tags?post=834"}],"curies":[{"name":"wp","href":"https:\/\/api.w.org\/{rel}","templated":true}]}}